{"id":3026,"date":"2021-06-24T13:53:25","date_gmt":"2021-06-24T13:53:25","guid":{"rendered":"https:\/\/cesarcastellanos.tv\/?p=3026"},"modified":"2022-06-22T13:03:50","modified_gmt":"2022-06-22T18:03:50","slug":"el-valor-de-la-familia","status":"publish","type":"post","link":"https:\/\/cesarcastellanos.tv\/en\/2021\/06\/24\/el-valor-de-la-familia\/","title":{"rendered":"El valor de la familia"},"content":{"rendered":"<p>[et_pb_section fb_built=&#8221;1&#8243; _builder_version=&#8221;4.9.3&#8243; _module_preset=&#8221;default&#8221; background_enable_color=&#8221;off&#8221; background_image=&#8221;https:\/\/cesarcastellanos.tv\/wp-content\/uploads\/2021\/04\/Group-785.png&#8221;][et_pb_row _builder_version=&#8221;4.9.3&#8243; _module_preset=&#8221;default&#8221; width=&#8221;100%&#8221; max_width=&#8221;1493px&#8221; module_alignment=&#8221;center&#8221;][et_pb_column type=&#8221;4_4&#8243; _builder_version=&#8221;4.9.3&#8243; _module_preset=&#8221;default&#8221;][et_pb_image src=&#8221;https:\/\/cesarcastellanos.tv\/wp-content\/uploads\/2021\/06\/blog_2.png&#8221; title_text=&#8221;blog_2&#8243; align=&#8221;center&#8221; _builder_version=&#8221;4.9.7&#8243; _module_preset=&#8221;default&#8221; width=&#8221;100%&#8221; hover_enabled=&#8221;0&#8243; sticky_enabled=&#8221;0&#8243;][\/et_pb_image][\/et_pb_column][\/et_pb_row][\/et_pb_section][et_pb_section fb_built=&#8221;1&#8243; _builder_version=&#8221;4.9.3&#8243; _module_preset=&#8221;default&#8221;][et_pb_row _builder_version=&#8221;4.9.3&#8243; _module_preset=&#8221;default&#8221;][et_pb_column type=&#8221;4_4&#8243; _builder_version=&#8221;4.9.3&#8243; _module_preset=&#8221;default&#8221;][et_pb_text _builder_version=&#8221;4.9.7&#8243; _module_preset=&#8221;default&#8221; text_font=&#8221;Poppins|300|||||||&#8221; text_text_color=&#8221;#000000&#8243; text_font_size=&#8221;15px&#8221; text_line_height=&#8221;18px&#8221; text_orientation=&#8221;justified&#8221; width=&#8221;80%&#8221; width_tablet=&#8221;&#8221; width_phone=&#8221;100%&#8221; width_last_edited=&#8221;on|phone&#8221; module_alignment=&#8221;center&#8221;]Recuerdo un d\u00eda, durante una convenci\u00f3n, en el a\u00f1o 2012, que unos pastores extranjeros me preguntaron cu\u00e1l era la base de la visi\u00f3n y del trabajo ministerial. Ellos esperaban que hablara de las c\u00e9lulas, las multitudes, e incluso los encuentros, pero realmente la base del trabajo ministerial es la familia, \u00bfde qu\u00e9 le vale a un hombre tener una gran congregaci\u00f3n si su hogar est\u00e1 destruido? <\/p>\n<p>Siempre he dicho que nuestro primer ministerio es la familia, la misma Palabra lo ense\u00f1a, qui\u00e9n no puede gobernar su hogar, \u00bfc\u00f3mo podr\u00e1 gobernar la obra[\/et_pb_text][et_pb_text _builder_version=&#8221;4.9.7&#8243; _module_preset=&#8221;default&#8221; text_font=&#8221;Poppins|300|on||||||&#8221; text_text_color=&#8221;#000000&#8243; text_font_size=&#8221;15px&#8221; text_line_height=&#8221;18px&#8221; background_color=&#8221;#f1f1f1&#8243; text_orientation=&#8221;justified&#8221; width=&#8221;80%&#8221; width_tablet=&#8221;&#8221; width_phone=&#8221;100%&#8221; width_last_edited=&#8221;on|phone&#8221; module_alignment=&#8221;center&#8221; custom_padding=&#8221;30px|30px|30px|30px|false|false&#8221; border_radii=&#8221;on|10px|10px|10px|10px&#8221;] \u201cque gobierne bien su casa, que tenga a sus hijos en sujeci\u00f3n con toda honestidad (pues el que no sabe gobernar su propia casa, \u00bfc\u00f3mo cuidar\u00e1 de la iglesia de Dios?)\u201d<br \/>\n1 Timoteo 3:4-5[\/et_pb_text][et_pb_text _builder_version=&#8221;4.9.7&#8243; _module_preset=&#8221;default&#8221; text_font=&#8221;Poppins|300|||||||&#8221; text_text_color=&#8221;#000000&#8243; text_font_size=&#8221;15px&#8221; text_line_height=&#8221;18px&#8221; text_orientation=&#8221;justified&#8221; width=&#8221;80%&#8221; width_tablet=&#8221;&#8221; width_phone=&#8221;100%&#8221; width_last_edited=&#8221;on|phone&#8221; module_alignment=&#8221;center&#8221;]La familia se convierte en una s\u00f3lida base que va a sostener todo el peso del desarrollo ministerial. Recuerdo que me hicieron una entrevista hace a\u00f1os, cuando la iglesia estaba empezando a crecer, tendr\u00edamos unos diez mil  miembros, y uno de los periodistas me pregunt\u00f3:  \u201c\u00bfa qu\u00e9 se debe  el \u00e9xito de su iglesia?\u201d Y yo le dije: \u201cBueno, el \u00e9xito de la iglesia es simplemente un reflejo de c\u00f3mo estamos en el hogar.\u201d <\/p>\n<p>Hoy, despu\u00e9s de d\u00e9cadas de caminar junto a Jes\u00fas puedo dar gracias por la familia, si no fuera por el apoyo y el amor constante de mi esposa, creo que no hubiera podido consolidar el ministerio, tambi\u00e9n ahora gracias a mis hijas y yernos he visto como la Visi\u00f3n ha llegado a lugares donde nunca hubiera podido llevarla solo.<\/p>\n<p>El d\u00eda de hoy me gustar\u00eda invitarlo a cuidar ese tesoro que Dios le ha confiado que es su familia. Para esto me gustar\u00eda darle algunos consejos.[\/et_pb_text][et_pb_text _builder_version=&#8221;4.9.7&#8243; _module_preset=&#8221;default&#8221; text_font=&#8221;Poppins|500|||||||&#8221; text_text_color=&#8221;#000000&#8243; text_font_size=&#8221;20px&#8221; text_line_height=&#8221;25px&#8221; width=&#8221;80%&#8221; width_tablet=&#8221;&#8221; width_phone=&#8221;100%&#8221; width_last_edited=&#8221;on|phone&#8221; module_alignment=&#8221;center&#8221;]1. No permita que se apague la llama del amor rom\u00e1ntico[\/et_pb_text][et_pb_text _builder_version=&#8221;4.9.7&#8243; _module_preset=&#8221;default&#8221; text_font=&#8221;Poppins|300|||||||&#8221; text_text_color=&#8221;#000000&#8243; text_font_size=&#8221;15px&#8221; text_line_height=&#8221;18px&#8221; text_orientation=&#8221;justified&#8221; width=&#8221;80%&#8221; width_tablet=&#8221;&#8221; width_phone=&#8221;100%&#8221; width_last_edited=&#8221;on|phone&#8221; module_alignment=&#8221;center&#8221;]Mi esposa es una mujer que siempre ha estado muy ocupada, pues es una destacada  l\u00edder pol\u00edtica y yo trabajo arduamente en la obra del ministerio, a\u00fan as\u00ed  nunca dejamos que las ocupaciones nos distanciaran, todos los d\u00edas tenemos  tiempo para almorzar  o cenar juntos, nuestra comunicaci\u00f3n siempre ha sido muy buena, nunca hemos permitido que nada la interrumpa, la amistad entre nosotros ha crecido mucho, y cada a\u00f1o estamos m\u00e1s enamorados. <\/p>\n<p>Yo lo entend\u00ed, aunque el hombre predique, el ministerio no es del hombre, el ministerio es de la pareja, la mujer es el 50 por ciento del ministerio.[\/et_pb_text][et_pb_text _builder_version=&#8221;4.9.7&#8243; _module_preset=&#8221;default&#8221; text_font=&#8221;Poppins|500|||||||&#8221; text_text_color=&#8221;#000000&#8243; text_font_size=&#8221;20px&#8221; text_line_height=&#8221;25px&#8221; width=&#8221;80%&#8221; width_tablet=&#8221;&#8221; width_phone=&#8221;100%&#8221; width_last_edited=&#8221;on|phone&#8221; module_alignment=&#8221;center&#8221;]2. Nunca ponga el ministerio por encima de su familia[\/et_pb_text][et_pb_text _builder_version=&#8221;4.9.7&#8243; _module_preset=&#8221;default&#8221; text_font=&#8221;Poppins|300|||||||&#8221; text_text_color=&#8221;#000000&#8243; text_font_size=&#8221;15px&#8221; text_line_height=&#8221;18px&#8221; text_orientation=&#8221;justified&#8221; width=&#8221;80%&#8221; width_tablet=&#8221;&#8221; width_phone=&#8221;100%&#8221; width_last_edited=&#8221;on|phone&#8221; module_alignment=&#8221;center&#8221;]Recuerdo un d\u00eda que ten\u00eda un compromiso muy importante, con una figura muy influyente a nivel nacional, cuando me estaba preparando lleg\u00f3 mi hija Sara a hacerme una consulta sobre una pr\u00e9dica que estaba terminando. Inicialmente le dije que estaba ocupado, pero inmediatamente entend\u00ed que no era sabio, habl\u00e9 con mi secretaria para que me ayudara a re agendar mis compromisos y dedique la tarde a compartir con mi hija.  Desde ese d\u00eda tom\u00e9 una decisi\u00f3n y fue que nunca estar\u00eda muy ocupado como para no poder suplir la necesidad de mi familia. \u00a1Creo que fue una decisi\u00f3n acertada![\/et_pb_text][et_pb_text _builder_version=&#8221;4.9.7&#8243; _module_preset=&#8221;default&#8221; text_font=&#8221;Poppins|500|||||||&#8221; text_text_color=&#8221;#000000&#8243; text_font_size=&#8221;20px&#8221; text_line_height=&#8221;25px&#8221; width=&#8221;80%&#8221; width_tablet=&#8221;&#8221; width_phone=&#8221;100%&#8221; width_last_edited=&#8221;on|phone&#8221; module_alignment=&#8221;center&#8221;]3. Trabajen el ministerio en unidad [\/et_pb_text][et_pb_text _builder_version=&#8221;4.9.7&#8243; _module_preset=&#8221;default&#8221; text_font=&#8221;Poppins|300|||||||&#8221; text_text_color=&#8221;#000000&#8243; text_font_size=&#8221;15px&#8221; text_line_height=&#8221;18px&#8221; text_orientation=&#8221;justified&#8221; width=&#8221;80%&#8221; width_tablet=&#8221;&#8221; width_phone=&#8221;100%&#8221; width_last_edited=&#8221;on|phone&#8221; module_alignment=&#8221;center&#8221;]Mi sue\u00f1o m\u00e1s grande siempre fue que mi familia estuviera al servicio de Dios, y creo que este es el sue\u00f1o de muchos de ustedes tambi\u00e9n, pero para lograrlo necesitamos darle a cada uno su lugar. Mis hijas y mi hijo tienen dones totalmente diferentes, y siempre me he esforzado por darles a todos un espacio para que crezcan ministerialmente.  <\/p>\n<p>Por ejemplo mi hoja Johanna y su esposo Eli tienen un fuerte llamado al pastorado, mientras que mi hija Lorena y su esposo Jul\u00edan tienen el llamado a la adoraci\u00f3n y la creatividad. Mi hija Manuela y su esposo Rich son grandes maestros y tienen una tremenda unci\u00f3n para las familias, mi hija Sara y su esposo Lau est\u00e1n enfocados en los j\u00f3venes y tambi\u00e9n en el trabajo pol\u00edtico. Mat\u00edas a\u00fan est\u00e1 descubriendo su llamado, pero ya ha dado sus primeras pr\u00e9dicas dejando a m\u00e1s de uno sorprendido por su carisma.<\/p>\n<p>\u00a1Espero que esto le inspire  y le ayude a levantar una familia sacerdotal!  [\/et_pb_text][et_pb_image src=&#8221;https:\/\/cesarcastellanos.tv\/wp-content\/uploads\/2021\/04\/Group-787.png&#8221; title_text=&#8221;Group 787&#8243; _builder_version=&#8221;4.9.3&#8243; _module_preset=&#8221;default&#8221; width=&#8221;80%&#8221; module_alignment=&#8221;center&#8221;][\/et_pb_image][\/et_pb_column][\/et_pb_row][\/et_pb_section]<\/p>\n","protected":false},"excerpt":{"rendered":"<p>Recuerdo un d\u00eda, durante una convenci\u00f3n, en el a\u00f1o 2012, que unos pastores extranjeros me preguntaron cu\u00e1l era la base de la visi\u00f3n y del trabajo ministerial. Ellos esperaban que hablara de las c\u00e9lulas, las multitudes, e incluso los encuentros, pero realmente la base del trabajo ministerial es la familia, \u00bfde qu\u00e9 le vale a [&hellip;]<\/p>\n","protected":false},"author":5,"featured_media":3030,"comment_status":"closed","ping_status":"closed","sticky":false,"template":"","format":"standard","meta":{"_et_pb_use_builder":"on","_et_pb_old_content":"","_et_gb_content_width":"2880","footnotes":""},"categories":[44,50],"tags":[53],"class_list":["post-3026","post","type-post","status-publish","format-standard","has-post-thumbnail","hentry","category-blogs-en","category-english","tag-english"],"_links":{"self":[{"href":"https:\/\/cesarcastellanos.tv\/en\/wp-json\/wp\/v2\/posts\/3026","targetHints":{"allow":["GET"]}}],"collection":[{"href":"https:\/\/cesarcastellanos.tv\/en\/wp-json\/wp\/v2\/posts"}],"about":[{"href":"https:\/\/cesarcastellanos.tv\/en\/wp-json\/wp\/v2\/types\/post"}],"author":[{"embeddable":true,"href":"https:\/\/cesarcastellanos.tv\/en\/wp-json\/wp\/v2\/users\/5"}],"replies":[{"embeddable":true,"href":"https:\/\/cesarcastellanos.tv\/en\/wp-json\/wp\/v2\/comments?post=3026"}],"version-history":[{"count":2,"href":"https:\/\/cesarcastellanos.tv\/en\/wp-json\/wp\/v2\/posts\/3026\/revisions"}],"predecessor-version":[{"id":3038,"href":"https:\/\/cesarcastellanos.tv\/en\/wp-json\/wp\/v2\/posts\/3026\/revisions\/3038"}],"wp:featuredmedia":[{"embeddable":true,"href":"https:\/\/cesarcastellanos.tv\/en\/wp-json\/wp\/v2\/media\/3030"}],"wp:attachment":[{"href":"https:\/\/cesarcastellanos.tv\/en\/wp-json\/wp\/v2\/media?parent=3026"}],"wp:term":[{"taxonomy":"category","embeddable":true,"href":"https:\/\/cesarcastellanos.tv\/en\/wp-json\/wp\/v2\/categories?post=3026"},{"taxonomy":"post_tag","embeddable":true,"href":"https:\/\/cesarcastellanos.tv\/en\/wp-json\/wp\/v2\/tags?post=3026"}],"curies":[{"name":"wp","href":"https:\/\/api.w.org\/{rel}","templated":true}]}}